{"id":1546,"date":"2023-09-21T13:50:42","date_gmt":"2023-09-21T11:50:42","guid":{"rendered":"https:\/\/www.revesdemer.com\/glisse\/?p=1546"},"modified":"2023-09-21T14:47:26","modified_gmt":"2023-09-21T12:47:26","slug":"les-5-infos-qui-font-du-bien-septembre-2023","status":"publish","type":"post","link":"https:\/\/www.revesdemer.com\/glisse\/2023\/09\/21\/les-5-infos-qui-font-du-bien-septembre-2023\/","title":{"rendered":"Les 5 infos qui font du bien &#8211; Septembre 2023"},"content":{"rendered":"<p><\/p><p>D\u00e9couvrez chaque mois les<strong> 5 actualit\u00e9s de R\u00eaves de Mer<\/strong> qui vous procureront du bien-\u00eatre.<\/p><h2 class=\"wp-block-heading\"><strong>1) Ocean Globe race<\/strong>&nbsp;<\/h2><p><a href=\"https:\/\/oceangloberace.com\/fr\/the-race\/\" target=\"_blank\" rel=\"noreferrer noopener\">L&rsquo;OCEAN GLOBE RACE (OGR)<\/a> est une course r\u00e9tro en \u00e9quipage pour c\u00e9l\u00e9brer les 50 ans de la Whitbread originelle de 1973.<\/p><p>Partez pour une aventure de huit mois autour du monde avec des marins ordinaires, \u00e0 bord de voiliers de s\u00e9rie d&rsquo;avant 1988, d\u00e9pourvus de technologie, d&rsquo;ordinateurs et de satellites. Dans cette comp\u00e9tition, ce sont l&rsquo;esprit d&rsquo;\u00e9quipe, la d\u00e9termination et l&rsquo;utilisation du sextant, dans la plus pure tradition de la course au large, qui feront la diff\u00e9rence. De v\u00e9ritables h\u00e9ros se mesurent les uns aux autres, repoussant leurs limites dans une course authentique !<\/p><p><\/p><h2 class=\"wp-block-heading\">2) Documentaire \u00ab\u00a0Rorqual\u00a0\u00bb<\/h2><p>\u00cates-vous curieux de d\u00e9couvrir les tr\u00e9sors de la M\u00e9diterran\u00e9e ? Dans les profondeurs de la mer M\u00e9diterran\u00e9e, un g\u00e9ant se cache. Cet animal, le deuxi\u00e8me plus grand \u00eatre vivant de la plan\u00e8te apr\u00e8s la baleine bleue, a \u00e9lu domicile dans ces eaux depuis des temps imm\u00e9moriaux. Il joue un r\u00f4le essentiel dans l&rsquo;\u00e9quilibre de l&rsquo;\u00e9cosyst\u00e8me et symbolise la richesse de notre monde. Embarquez \u00e0 bord du l\u00e9gendaire voilier du WWF, le Blue Panda, et partez \u00e0 la rencontre du Rorqual Commun en compagnie de Denis Ody et de son \u00e9quipe.<\/p><p><strong>Le WWF France est fier de pr\u00e9senter son tout premier documentaire, \u00ab\u00a0RORQUAL\u00a0\u00bb<\/strong>, r\u00e9alis\u00e9 par Hugo Hebbe. Ce documentaire captivant sera diffus\u00e9 en exclusivit\u00e9 et gratuitement sur YouTube \u00e0 partir du 8 septembre 2023<\/p><figure class=\"wp-block-embed is-type-video is-provider-youtube wp-block-embed-youtube wp-embed-aspect-16-9 wp-has-aspect-ratio\"><div class=\"wp-block-embed__wrapper\">\n<iframe title=\"RORQUAL - Le film complet | G\u00e9rard Darmon | WWF\" width=\"750\" height=\"422\" src=\"https:\/\/www.youtube.com\/embed\/mJ4ag90uz74?feature=oembed\" frameborder=\"0\" allow=\"accelerometer; autoplay; clipboard-write; encrypted-media; gyroscope; picture-in-picture; web-share\" allowfullscreen><\/iframe>\n<\/div><\/figure><p><\/p><h2 class=\"wp-block-heading\">3) <strong>Extension de la R\u00e9serve Naturelle des 7 Iles (22)<\/strong>&nbsp;<\/h2><p><strong>La r\u00e9serve naturelle nationale des Sept-\u00celes (C\u00f4tes d\u2019Armor) <\/strong>devient la plus grande r\u00e9serve naturelle en France m\u00e9tropolitaine apr\u00e8s son expansion r\u00e9cente, inaugur\u00e9e le vendredi 25 ao\u00fbt. Elle surpasse m\u00eame les Bouches de Bonifacio (Corse-du-Sud) en superficie, devenant ainsi la plus vaste sur le continent.<\/p><p>Cette extension a inclus l&rsquo;\u00eele Tom\u00e9 en baie de Perros-Guirec, l&rsquo;archipel des Sept-\u00celes, le plateau des Triagoz avec son majestueux phare class\u00e9 monument historique, ainsi que l&rsquo;environnement marin environnant. <strong>La superficie totale de la r\u00e9serve est pass\u00e9e de 280 hectares \u00e0 19 700 hectares, avec une surface terrestre qui a doubl\u00e9 pour atteindre 80 hectares.<\/strong><\/p><p>Cette expansion majeure vise \u00e0 renforcer la pr\u00e9servation et la surveillance d&rsquo;une biodiversit\u00e9 exceptionnelle. Pendant la p\u00e9riode allant du 1er avril au 31 ao\u00fbt, une zone de protection renforc\u00e9e de 1,3 km\u00b2 autour de l&rsquo;\u00eele Rouzic sera ferm\u00e9e aux visiteurs pour garantir la tranquillit\u00e9 de la faune sauvage.<\/p><p><a href=\"https:\/\/www.revesdemer.com\/nos-etablissements\/centre-dhebergement-le-baly\/\" target=\"_blank\" rel=\"noreferrer noopener\">Voir notre \u00e9tablissement \u00e0 Pleumeur-Bodou.<\/a><\/p><div class=\"wp-block-buttons is-layout-flex wp-block-buttons-is-layout-flex\"><div class=\"wp-block-button\"><a class=\"wp-block-button__link wp-element-button\" href=\"https:\/\/www.lpo.fr\/qui-sommes-nous\/espace-presse\/communiques\/cp-2023\/la-reserve-naturelle-nationale-des-sept-iles-devient-la-plus-grande-de-l-hexagone\" target=\"_blank\" rel=\"noreferrer noopener\">Article LPO<\/a><\/div><\/div><p><\/p><h2 class=\"wp-block-heading\"><strong>4) R\u00e9alit\u00e9 virtuelle, serious games : la tech aide \u00e0 pr\u00e9server notre patrimoine sous-marin<\/strong>&nbsp;<\/h2><p>En Italie et \u00e0 Malte, deux projets europ\u00e9ens se sont engag\u00e9s dans l&rsquo;utilisation des technologies les plus r\u00e9centes, notamment la r\u00e9alit\u00e9 virtuelle, <strong>dans le but de pr\u00e9server et de promouvoir le patrimoine subaquatique de l&rsquo;Europe<\/strong>, tout en sensibilisant \u00e0 l&rsquo;importance de la conservation des oc\u00e9ans.<\/p><div class=\"wp-block-buttons is-layout-flex wp-block-buttons-is-layout-flex\"><div class=\"wp-block-button\"><a class=\"wp-block-button__link wp-element-button\" href=\"https:\/\/fr.euronews.com\/green\/2023\/07\/25\/realite-virtuelle-serious-games-la-tech-aide-a-preserver-notre-patrimoine-sous-marin\" target=\"_blank\" rel=\"noreferrer noopener\">En savoir plus<\/a><\/div><\/div><p><\/p><h2 class=\"wp-block-heading\"><strong>5) SNSM : devenez nageur-sauveteur en 2024 <\/strong>!&nbsp;<\/h2><p><strong>La SNSM lance le recrutement des futurs nageurs sauveteurs pour surveiller les plages lors de la saison estivale de 2024.<\/strong><\/p><p>S&rsquo;engager pour devenir nageur sauveteur \u00e0 la SNSM signifie suivre une formation reconnue par des dipl\u00f4mes d&rsquo;\u00c9tat. C&rsquo;est \u00e9galement devenir membre d&rsquo;une association renomm\u00e9e pour ses valeurs de solidarit\u00e9, de d\u00e9passement de soi, d&rsquo;anticipation, de professionnalisme et d&rsquo;esprit d&rsquo;\u00e9quipe. Ces valeurs font de l&rsquo;exp\u00e9rience un v\u00e9ritable atout dans la recherche d&#8217;emploi et une \u00e9cole de vie enrichissante.<\/p>","protected":false},"excerpt":{"rendered":"<p>D\u00e9couvrez chaque mois les 5 actualit\u00e9s de R\u00eaves de Mer qui vous procureront du bien-\u00eatre. 1) Ocean Globe race&nbsp; L&rsquo;OCEAN GLOBE RACE (OGR) est une course r\u00e9tro en \u00e9quipage pour c\u00e9l\u00e9brer les 50 ans de la Whitbread originelle de 1973. Partez pour une aventure de huit mois autour du monde avec des marins ordinaires, \u00e0 [&hellip;]<\/p>\n","protected":false},"author":336,"featured_media":1547,"comment_status":"open","ping_status":"open","sticky":false,"template":"","format":"standard","meta":{"_acf_changed":false,"footnotes":""},"categories":[15],"tags":[],"class_list":["post-1546","post","type-post","status-publish","format-standard","has-post-thumbnail","hentry","category-actualites"],"acf":[],"yoast_head":"<!-- This site is optimized with the Yoast SEO plugin v23.8 - https:\/\/yoast.com\/wordpress\/plugins\/seo\/ -->\n<title>Les 5 infos qui font du bien - Septembre 2023<\/title>\n<meta name=\"description\" content=\"D\u00e9couvrez les 5 infos en septembre 2023 : Ocean Globe Race, documentaire, extension de la R\u00e9serve Naturelle des 7 \u00celes, technologie, SNSM.\" \/>\n<meta name=\"robots\" content=\"index, follow, max-snippet:-1, max-image-preview:large, max-video-preview:-1\" \/>\n<link rel=\"canonical\" href=\"https:\/\/www.revesdemer.com\/glisse\/2023\/09\/21\/les-5-infos-qui-font-du-bien-septembre-2023\/\" \/>\n<meta property=\"og:locale\" content=\"fr_FR\" \/>\n<meta property=\"og:type\" content=\"article\" \/>\n<meta property=\"og:title\" content=\"Les 5 infos qui font du bien - Septembre 2023\" \/>\n<meta property=\"og:description\" content=\"D\u00e9couvrez les 5 infos en septembre 2023 : Ocean Globe Race, documentaire, extension de la R\u00e9serve Naturelle des 7 \u00celes, technologie, SNSM.\" \/>\n<meta property=\"og:url\" content=\"https:\/\/www.revesdemer.com\/glisse\/2023\/09\/21\/les-5-infos-qui-font-du-bien-septembre-2023\/\" \/>\n<meta property=\"og:site_name\" content=\"Glisse - R\u00eaves de mer\" \/>\n<meta property=\"article:published_time\" content=\"2023-09-21T11:50:42+00:00\" \/>\n<meta property=\"article:modified_time\" content=\"2023-09-21T12:47:26+00:00\" \/>\n<meta property=\"og:image\" content=\"https:\/\/www.revesdemer.com\/glisse\/wp-content\/uploads\/sites\/5\/2023\/09\/AdobeStock_300255002-scaled.jpeg\" \/>\n\t<meta property=\"og:image:width\" content=\"2560\" \/>\n\t<meta property=\"og:image:height\" content=\"1707\" \/>\n\t<meta property=\"og:image:type\" content=\"image\/jpeg\" \/>\n<meta name=\"author\" content=\"vanessakervella\" \/>\n<meta name=\"twitter:card\" content=\"summary_large_image\" \/>\n<meta name=\"twitter:label1\" content=\"\u00c9crit par\" \/>\n\t<meta name=\"twitter:data1\" content=\"vanessakervella\" \/>\n\t<meta name=\"twitter:label2\" content=\"Dur\u00e9e de lecture estim\u00e9e\" \/>\n\t<meta name=\"twitter:data2\" content=\"3 minutes\" \/>\n<script type=\"application\/ld+json\" class=\"yoast-schema-graph\">{\"@context\":\"https:\/\/schema.org\",\"@graph\":[{\"@type\":\"Article\",\"@id\":\"https:\/\/www.revesdemer.com\/glisse\/2023\/09\/21\/les-5-infos-qui-font-du-bien-septembre-2023\/#article\",\"isPartOf\":{\"@id\":\"https:\/\/www.revesdemer.com\/glisse\/2023\/09\/21\/les-5-infos-qui-font-du-bien-septembre-2023\/\"},\"author\":{\"name\":\"vanessakervella\",\"@id\":\"https:\/\/www.revesdemer.com\/glisse\/#\/schema\/person\/a8d3b523fc4ccf852fe5f1ede181d9aa\"},\"headline\":\"Les 5 infos qui font du bien &#8211; Septembre 2023\",\"datePublished\":\"2023-09-21T11:50:42+00:00\",\"dateModified\":\"2023-09-21T12:47:26+00:00\",\"mainEntityOfPage\":{\"@id\":\"https:\/\/www.revesdemer.com\/glisse\/2023\/09\/21\/les-5-infos-qui-font-du-bien-septembre-2023\/\"},\"wordCount\":603,\"commentCount\":0,\"publisher\":{\"@id\":\"https:\/\/www.revesdemer.com\/glisse\/#organization\"},\"image\":{\"@id\":\"https:\/\/www.revesdemer.com\/glisse\/2023\/09\/21\/les-5-infos-qui-font-du-bien-septembre-2023\/#primaryimage\"},\"thumbnailUrl\":\"https:\/\/www.revesdemer.com\/glisse\/wp-content\/uploads\/sites\/5\/2023\/09\/AdobeStock_300255002-scaled.jpeg\",\"articleSection\":[\"Actualit\u00e9s\"],\"inLanguage\":\"fr-FR\",\"potentialAction\":[{\"@type\":\"CommentAction\",\"name\":\"Comment\",\"target\":[\"https:\/\/www.revesdemer.com\/glisse\/2023\/09\/21\/les-5-infos-qui-font-du-bien-septembre-2023\/#respond\"]}]},{\"@type\":\"WebPage\",\"@id\":\"https:\/\/www.revesdemer.com\/glisse\/2023\/09\/21\/les-5-infos-qui-font-du-bien-septembre-2023\/\",\"url\":\"https:\/\/www.revesdemer.com\/glisse\/2023\/09\/21\/les-5-infos-qui-font-du-bien-septembre-2023\/\",\"name\":\"Les 5 infos qui font du bien - Septembre 2023\",\"isPartOf\":{\"@id\":\"https:\/\/www.revesdemer.com\/glisse\/#website\"},\"primaryImageOfPage\":{\"@id\":\"https:\/\/www.revesdemer.com\/glisse\/2023\/09\/21\/les-5-infos-qui-font-du-bien-septembre-2023\/#primaryimage\"},\"image\":{\"@id\":\"https:\/\/www.revesdemer.com\/glisse\/2023\/09\/21\/les-5-infos-qui-font-du-bien-septembre-2023\/#primaryimage\"},\"thumbnailUrl\":\"https:\/\/www.revesdemer.com\/glisse\/wp-content\/uploads\/sites\/5\/2023\/09\/AdobeStock_300255002-scaled.jpeg\",\"datePublished\":\"2023-09-21T11:50:42+00:00\",\"dateModified\":\"2023-09-21T12:47:26+00:00\",\"description\":\"D\u00e9couvrez les 5 infos en septembre 2023 : Ocean Globe Race, documentaire, extension de la R\u00e9serve Naturelle des 7 \u00celes, technologie, SNSM.\",\"breadcrumb\":{\"@id\":\"https:\/\/www.revesdemer.com\/glisse\/2023\/09\/21\/les-5-infos-qui-font-du-bien-septembre-2023\/#breadcrumb\"},\"inLanguage\":\"fr-FR\",\"potentialAction\":[{\"@type\":\"ReadAction\",\"target\":[\"https:\/\/www.revesdemer.com\/glisse\/2023\/09\/21\/les-5-infos-qui-font-du-bien-septembre-2023\/\"]}]},{\"@type\":\"ImageObject\",\"inLanguage\":\"fr-FR\",\"@id\":\"https:\/\/www.revesdemer.com\/glisse\/2023\/09\/21\/les-5-infos-qui-font-du-bien-septembre-2023\/#primaryimage\",\"url\":\"https:\/\/www.revesdemer.com\/glisse\/wp-content\/uploads\/sites\/5\/2023\/09\/AdobeStock_300255002-scaled.jpeg\",\"contentUrl\":\"https:\/\/www.revesdemer.com\/glisse\/wp-content\/uploads\/sites\/5\/2023\/09\/AdobeStock_300255002-scaled.jpeg\",\"width\":2560,\"height\":1707,\"caption\":\"Bonnes nouvelles - R\u00eaves de Mer\"},{\"@type\":\"BreadcrumbList\",\"@id\":\"https:\/\/www.revesdemer.com\/glisse\/2023\/09\/21\/les-5-infos-qui-font-du-bien-septembre-2023\/#breadcrumb\",\"itemListElement\":[{\"@type\":\"ListItem\",\"position\":1,\"name\":\"Glisse\",\"item\":\"https:\/\/www.revesdemer.com\/glisse\/\"},{\"@type\":\"ListItem\",\"position\":2,\"name\":\"Actualit\u00e9s\",\"item\":\"https:\/\/www.revesdemer.com\/glisse\/category\/actualites\/\"},{\"@type\":\"ListItem\",\"position\":3,\"name\":\"Les 5 infos qui font du bien &#8211; Septembre 2023\"}]},{\"@type\":\"WebSite\",\"@id\":\"https:\/\/www.revesdemer.com\/glisse\/#website\",\"url\":\"https:\/\/www.revesdemer.com\/glisse\/\",\"name\":\"Glisse - R\u00eaves de mer\",\"description\":\"Un site utilisant Les marques de R\u00eaves de mer\",\"publisher\":{\"@id\":\"https:\/\/www.revesdemer.com\/glisse\/#organization\"},\"potentialAction\":[{\"@type\":\"SearchAction\",\"target\":{\"@type\":\"EntryPoint\",\"urlTemplate\":\"https:\/\/www.revesdemer.com\/glisse\/?s={search_term_string}\"},\"query-input\":{\"@type\":\"PropertyValueSpecification\",\"valueRequired\":true,\"valueName\":\"search_term_string\"}}],\"inLanguage\":\"fr-FR\"},{\"@type\":\"Organization\",\"@id\":\"https:\/\/www.revesdemer.com\/glisse\/#organization\",\"name\":\"Glisse - R\u00eaves de mer\",\"url\":\"https:\/\/www.revesdemer.com\/glisse\/\",\"logo\":{\"@type\":\"ImageObject\",\"inLanguage\":\"fr-FR\",\"@id\":\"https:\/\/www.revesdemer.com\/glisse\/#\/schema\/logo\/image\/\",\"url\":\"https:\/\/www.revesdemer.com\/glisse\/wp-content\/uploads\/sites\/5\/2019\/12\/Glisse-galet-byRDM-e1576589626283.png\",\"contentUrl\":\"https:\/\/www.revesdemer.com\/glisse\/wp-content\/uploads\/sites\/5\/2019\/12\/Glisse-galet-byRDM-e1576589626283.png\",\"width\":600,\"height\":474,\"caption\":\"Glisse - R\u00eaves de mer\"},\"image\":{\"@id\":\"https:\/\/www.revesdemer.com\/glisse\/#\/schema\/logo\/image\/\"}},{\"@type\":\"Person\",\"@id\":\"https:\/\/www.revesdemer.com\/glisse\/#\/schema\/person\/a8d3b523fc4ccf852fe5f1ede181d9aa\",\"name\":\"vanessakervella\",\"image\":{\"@type\":\"ImageObject\",\"inLanguage\":\"fr-FR\",\"@id\":\"https:\/\/www.revesdemer.com\/glisse\/#\/schema\/person\/image\/\",\"url\":\"https:\/\/secure.gravatar.com\/avatar\/15027b5285081c1e0bb94f5497ae8343?s=96&d=mm&r=g\",\"contentUrl\":\"https:\/\/secure.gravatar.com\/avatar\/15027b5285081c1e0bb94f5497ae8343?s=96&d=mm&r=g\",\"caption\":\"vanessakervella\"}}]}<\/script>\n<!-- \/ Yoast SEO plugin. -->","yoast_head_json":{"title":"Les 5 infos qui font du bien - Septembre 2023","description":"D\u00e9couvrez les 5 infos en septembre 2023 : Ocean Globe Race, documentaire, extension de la R\u00e9serve Naturelle des 7 \u00celes, technologie, SNSM.","robots":{"index":"index","follow":"follow","max-snippet":"max-snippet:-1","max-image-preview":"max-image-preview:large","max-video-preview":"max-video-preview:-1"},"canonical":"https:\/\/www.revesdemer.com\/glisse\/2023\/09\/21\/les-5-infos-qui-font-du-bien-septembre-2023\/","og_locale":"fr_FR","og_type":"article","og_title":"Les 5 infos qui font du bien - Septembre 2023","og_description":"D\u00e9couvrez les 5 infos en septembre 2023 : Ocean Globe Race, documentaire, extension de la R\u00e9serve Naturelle des 7 \u00celes, technologie, SNSM.","og_url":"https:\/\/www.revesdemer.com\/glisse\/2023\/09\/21\/les-5-infos-qui-font-du-bien-septembre-2023\/","og_site_name":"Glisse - R\u00eaves de mer","article_published_time":"2023-09-21T11:50:42+00:00","article_modified_time":"2023-09-21T12:47:26+00:00","og_image":[{"width":2560,"height":1707,"url":"https:\/\/www.revesdemer.com\/glisse\/wp-content\/uploads\/sites\/5\/2023\/09\/AdobeStock_300255002-scaled.jpeg","type":"image\/jpeg"}],"author":"vanessakervella","twitter_card":"summary_large_image","twitter_misc":{"\u00c9crit par":"vanessakervella","Dur\u00e9e de lecture estim\u00e9e":"3 minutes"},"schema":{"@context":"https:\/\/schema.org","@graph":[{"@type":"Article","@id":"https:\/\/www.revesdemer.com\/glisse\/2023\/09\/21\/les-5-infos-qui-font-du-bien-septembre-2023\/#article","isPartOf":{"@id":"https:\/\/www.revesdemer.com\/glisse\/2023\/09\/21\/les-5-infos-qui-font-du-bien-septembre-2023\/"},"author":{"name":"vanessakervella","@id":"https:\/\/www.revesdemer.com\/glisse\/#\/schema\/person\/a8d3b523fc4ccf852fe5f1ede181d9aa"},"headline":"Les 5 infos qui font du bien &#8211; Septembre 2023","datePublished":"2023-09-21T11:50:42+00:00","dateModified":"2023-09-21T12:47:26+00:00","mainEntityOfPage":{"@id":"https:\/\/www.revesdemer.com\/glisse\/2023\/09\/21\/les-5-infos-qui-font-du-bien-septembre-2023\/"},"wordCount":603,"commentCount":0,"publisher":{"@id":"https:\/\/www.revesdemer.com\/glisse\/#organization"},"image":{"@id":"https:\/\/www.revesdemer.com\/glisse\/2023\/09\/21\/les-5-infos-qui-font-du-bien-septembre-2023\/#primaryimage"},"thumbnailUrl":"https:\/\/www.revesdemer.com\/glisse\/wp-content\/uploads\/sites\/5\/2023\/09\/AdobeStock_300255002-scaled.jpeg","articleSection":["Actualit\u00e9s"],"inLanguage":"fr-FR","potentialAction":[{"@type":"CommentAction","name":"Comment","target":["https:\/\/www.revesdemer.com\/glisse\/2023\/09\/21\/les-5-infos-qui-font-du-bien-septembre-2023\/#respond"]}]},{"@type":"WebPage","@id":"https:\/\/www.revesdemer.com\/glisse\/2023\/09\/21\/les-5-infos-qui-font-du-bien-septembre-2023\/","url":"https:\/\/www.revesdemer.com\/glisse\/2023\/09\/21\/les-5-infos-qui-font-du-bien-septembre-2023\/","name":"Les 5 infos qui font du bien - Septembre 2023","isPartOf":{"@id":"https:\/\/www.revesdemer.com\/glisse\/#website"},"primaryImageOfPage":{"@id":"https:\/\/www.revesdemer.com\/glisse\/2023\/09\/21\/les-5-infos-qui-font-du-bien-septembre-2023\/#primaryimage"},"image":{"@id":"https:\/\/www.revesdemer.com\/glisse\/2023\/09\/21\/les-5-infos-qui-font-du-bien-septembre-2023\/#primaryimage"},"thumbnailUrl":"https:\/\/www.revesdemer.com\/glisse\/wp-content\/uploads\/sites\/5\/2023\/09\/AdobeStock_300255002-scaled.jpeg","datePublished":"2023-09-21T11:50:42+00:00","dateModified":"2023-09-21T12:47:26+00:00","description":"D\u00e9couvrez les 5 infos en septembre 2023 : Ocean Globe Race, documentaire, extension de la R\u00e9serve Naturelle des 7 \u00celes, technologie, SNSM.","breadcrumb":{"@id":"https:\/\/www.revesdemer.com\/glisse\/2023\/09\/21\/les-5-infos-qui-font-du-bien-septembre-2023\/#breadcrumb"},"inLanguage":"fr-FR","potentialAction":[{"@type":"ReadAction","target":["https:\/\/www.revesdemer.com\/glisse\/2023\/09\/21\/les-5-infos-qui-font-du-bien-septembre-2023\/"]}]},{"@type":"ImageObject","inLanguage":"fr-FR","@id":"https:\/\/www.revesdemer.com\/glisse\/2023\/09\/21\/les-5-infos-qui-font-du-bien-septembre-2023\/#primaryimage","url":"https:\/\/www.revesdemer.com\/glisse\/wp-content\/uploads\/sites\/5\/2023\/09\/AdobeStock_300255002-scaled.jpeg","contentUrl":"https:\/\/www.revesdemer.com\/glisse\/wp-content\/uploads\/sites\/5\/2023\/09\/AdobeStock_300255002-scaled.jpeg","width":2560,"height":1707,"caption":"Bonnes nouvelles - R\u00eaves de Mer"},{"@type":"BreadcrumbList","@id":"https:\/\/www.revesdemer.com\/glisse\/2023\/09\/21\/les-5-infos-qui-font-du-bien-septembre-2023\/#breadcrumb","itemListElement":[{"@type":"ListItem","position":1,"name":"Glisse","item":"https:\/\/www.revesdemer.com\/glisse\/"},{"@type":"ListItem","position":2,"name":"Actualit\u00e9s","item":"https:\/\/www.revesdemer.com\/glisse\/category\/actualites\/"},{"@type":"ListItem","position":3,"name":"Les 5 infos qui font du bien &#8211; Septembre 2023"}]},{"@type":"WebSite","@id":"https:\/\/www.revesdemer.com\/glisse\/#website","url":"https:\/\/www.revesdemer.com\/glisse\/","name":"Glisse - R\u00eaves de mer","description":"Un site utilisant Les marques de R\u00eaves de mer","publisher":{"@id":"https:\/\/www.revesdemer.com\/glisse\/#organization"},"potentialAction":[{"@type":"SearchAction","target":{"@type":"EntryPoint","urlTemplate":"https:\/\/www.revesdemer.com\/glisse\/?s={search_term_string}"},"query-input":{"@type":"PropertyValueSpecification","valueRequired":true,"valueName":"search_term_string"}}],"inLanguage":"fr-FR"},{"@type":"Organization","@id":"https:\/\/www.revesdemer.com\/glisse\/#organization","name":"Glisse - R\u00eaves de mer","url":"https:\/\/www.revesdemer.com\/glisse\/","logo":{"@type":"ImageObject","inLanguage":"fr-FR","@id":"https:\/\/www.revesdemer.com\/glisse\/#\/schema\/logo\/image\/","url":"https:\/\/www.revesdemer.com\/glisse\/wp-content\/uploads\/sites\/5\/2019\/12\/Glisse-galet-byRDM-e1576589626283.png","contentUrl":"https:\/\/www.revesdemer.com\/glisse\/wp-content\/uploads\/sites\/5\/2019\/12\/Glisse-galet-byRDM-e1576589626283.png","width":600,"height":474,"caption":"Glisse - R\u00eaves de mer"},"image":{"@id":"https:\/\/www.revesdemer.com\/glisse\/#\/schema\/logo\/image\/"}},{"@type":"Person","@id":"https:\/\/www.revesdemer.com\/glisse\/#\/schema\/person\/a8d3b523fc4ccf852fe5f1ede181d9aa","name":"vanessakervella","image":{"@type":"ImageObject","inLanguage":"fr-FR","@id":"https:\/\/www.revesdemer.com\/glisse\/#\/schema\/person\/image\/","url":"https:\/\/secure.gravatar.com\/avatar\/15027b5285081c1e0bb94f5497ae8343?s=96&d=mm&r=g","contentUrl":"https:\/\/secure.gravatar.com\/avatar\/15027b5285081c1e0bb94f5497ae8343?s=96&d=mm&r=g","caption":"vanessakervella"}}]}},"_links":{"self":[{"href":"https:\/\/www.revesdemer.com\/glisse\/wp-json\/wp\/v2\/posts\/1546"}],"collection":[{"href":"https:\/\/www.revesdemer.com\/glisse\/wp-json\/wp\/v2\/posts"}],"about":[{"href":"https:\/\/www.revesdemer.com\/glisse\/wp-json\/wp\/v2\/types\/post"}],"author":[{"embeddable":true,"href":"https:\/\/www.revesdemer.com\/glisse\/wp-json\/wp\/v2\/users\/336"}],"replies":[{"embeddable":true,"href":"https:\/\/www.revesdemer.com\/glisse\/wp-json\/wp\/v2\/comments?post=1546"}],"version-history":[{"count":4,"href":"https:\/\/www.revesdemer.com\/glisse\/wp-json\/wp\/v2\/posts\/1546\/revisions"}],"predecessor-version":[{"id":1552,"href":"https:\/\/www.revesdemer.com\/glisse\/wp-json\/wp\/v2\/posts\/1546\/revisions\/1552"}],"wp:featuredmedia":[{"embeddable":true,"href":"https:\/\/www.revesdemer.com\/glisse\/wp-json\/wp\/v2\/media\/1547"}],"wp:attachment":[{"href":"https:\/\/www.revesdemer.com\/glisse\/wp-json\/wp\/v2\/media?parent=1546"}],"wp:term":[{"taxonomy":"category","embeddable":true,"href":"https:\/\/www.revesdemer.com\/glisse\/wp-json\/wp\/v2\/categories?post=1546"},{"taxonomy":"post_tag","embeddable":true,"href":"https:\/\/www.revesdemer.com\/glisse\/wp-json\/wp\/v2\/tags?post=1546"}],"curies":[{"name":"wp","href":"https:\/\/api.w.org\/{rel}","templated":true}]}}