{"id":1310,"date":"2021-02-19T12:18:40","date_gmt":"2021-02-19T11:18:40","guid":{"rendered":"https:\/\/www.revesdemer.com\/glisse\/?p=1310"},"modified":"2021-02-19T12:37:07","modified_gmt":"2021-02-19T11:37:07","slug":"vacances-de-fevrier-plouneour-brignogan-plages","status":"publish","type":"post","link":"https:\/\/www.revesdemer.com\/glisse\/2021\/02\/19\/vacances-de-fevrier-plouneour-brignogan-plages\/","title":{"rendered":"Vacances de F\u00e9vrier &#8211; Ploun\u00e9our-Brignogan-Plages"},"content":{"rendered":"<p>C\u2019est bient\u00f4t les&nbsp;<strong>vacances de F\u00e9vrier<\/strong>&nbsp;et si vous r\u00e9serviez une s\u00e9ance de char \u00e0 voile \u00e0&nbsp;<strong><a href=\"https:\/\/www.revesdemer.com\/glisse\/vos-destinations\/centre-nautique-de-plouneour-brignogan-plages\/\">Ploun\u00e9our-Brignogan-Plages<\/a>&nbsp;<\/strong>&nbsp;?<\/p><p><strong>Horaires Rdv Sessions de Char \u00e0 Voile (1h)<\/strong><br>La location de char \u00e0 voile est disponible \u00e0 partir de<strong> 21\u20ac<\/strong> pour un char monoplace et <strong>37\u20ac<\/strong> pour un char biplace.<\/p><p><em>(Pr\u00e9voyez 2 heures sur place avec la pr\u00e9paration et mise \u00e0 disposition du mat\u00e9riel + l\u2019heure de roulage).<\/em><\/p><figure class=\"wp-block-table\"><table><tbody><tr><td>Mardi 23 F\u00e9vrier &#8211; RDV \u00e0 14h00<\/td><\/tr><tr><td>Mercredi 24 F\u00e9vrier &#8211; RDV \u00e0 14h00<\/td><\/tr><tr><td>Lundi 01 Mars &#8211; RDV \u00e0 15h15<\/td><\/tr><tr><td>Mardi 02 Mars &#8211; RDV \u00e0 15h15<\/td><\/tr><tr><td>Mercredi 03 Mars &#8211; RDV \u00e0 15h15<\/td><\/tr><tr><td>Jeudi 04 Mars &#8211; RDV \u00e0 15h15<\/td><\/tr><tr><td>Vendredi 05 Mars &#8211; RDV \u00e0 14h00 et \u00e0 15h00<\/td><\/tr><\/tbody><\/table><\/figure><p><strong>Horaires Stage 3 le\u00e7on (3h)<\/strong><br>Nous vous proposons un stage de 3 le\u00e7on de 2h00 &#8211; <strong>Tarif 120\u20ac<\/strong><\/p><figure class=\"wp-block-table\"><table><tbody><tr><td>Lundi 01 Mars &#8211; RDV \u00e0 15h00<\/td><\/tr><tr><td>Mardi 02 Mars &#8211; RDV \u00e0 13h15<\/td><\/tr><tr><td>Mercredi 03 Mars &#8211; RDV \u00e0 13h15<\/td><\/tr><\/tbody><\/table><\/figure><figure class=\"wp-block-gallery columns-1 is-cropped wp-block-gallery-1 is-layout-flex wp-block-gallery-is-layout-flex\"><ul class=\"blocks-gallery-grid\"><li class=\"blocks-gallery-item\"><figure><img decoding=\"async\" width=\"1024\" height=\"724\" src=\"https:\/\/www.revesdemer.com\/glisse\/wp-content\/uploads\/sites\/5\/2021\/02\/HORAIRE-CHAR-A-VOILE-PLOUNEOUR-VACANCE-FEVRIER-21-1024x724.png\" alt=\"\" data-id=\"1311\" data-full-url=\"https:\/\/www.revesdemer.com\/glisse\/wp-content\/uploads\/sites\/5\/2021\/02\/HORAIRE-CHAR-A-VOILE-PLOUNEOUR-VACANCE-FEVRIER-21.png\" data-link=\"https:\/\/www.revesdemer.com\/glisse\/?attachment_id=1311#main\" class=\"wp-image-1311\" srcset=\"https:\/\/www.revesdemer.com\/glisse\/wp-content\/uploads\/sites\/5\/2021\/02\/HORAIRE-CHAR-A-VOILE-PLOUNEOUR-VACANCE-FEVRIER-21-1024x724.png 1024w, https:\/\/www.revesdemer.com\/glisse\/wp-content\/uploads\/sites\/5\/2021\/02\/HORAIRE-CHAR-A-VOILE-PLOUNEOUR-VACANCE-FEVRIER-21-300x212.png 300w, https:\/\/www.revesdemer.com\/glisse\/wp-content\/uploads\/sites\/5\/2021\/02\/HORAIRE-CHAR-A-VOILE-PLOUNEOUR-VACANCE-FEVRIER-21-768x543.png 768w, https:\/\/www.revesdemer.com\/glisse\/wp-content\/uploads\/sites\/5\/2021\/02\/HORAIRE-CHAR-A-VOILE-PLOUNEOUR-VACANCE-FEVRIER-21-800x566.png 800w, https:\/\/www.revesdemer.com\/glisse\/wp-content\/uploads\/sites\/5\/2021\/02\/HORAIRE-CHAR-A-VOILE-PLOUNEOUR-VACANCE-FEVRIER-21-1536x1086.png 1536w, https:\/\/www.revesdemer.com\/glisse\/wp-content\/uploads\/sites\/5\/2021\/02\/HORAIRE-CHAR-A-VOILE-PLOUNEOUR-VACANCE-FEVRIER-21-2048x1448.png 2048w, https:\/\/www.revesdemer.com\/glisse\/wp-content\/uploads\/sites\/5\/2021\/02\/HORAIRE-CHAR-A-VOILE-PLOUNEOUR-VACANCE-FEVRIER-21-600x424.png 600w\" sizes=\"(max-width: 1024px) 100vw, 1024px\" \/><\/figure><\/li><\/ul><\/figure><p><\/p><div class=\"cta-content\"><a href=\"https:\/\/www.revesdemer.com\/glisse\/wp-content\/uploads\/sites\/5\/2021\/02\/HORAIRE-CHAR-A-VOILE-PLOUNEOUR-VACANCE-FEVRIER-21.pdf\">En savoir plus<\/a><\/div><p><strong>Le char \u00e0 voile en biplace, se pratique \u00e0 partir de 4 ans accompagn\u00e9 d\u2019un adulte, et en monoplace \u00e0 partir de 10 ans<\/strong><\/p><p><em>Les horaires ci-dessus correspondent aux heures de RDV sur place<\/em>.<\/p><p><strong>Les r\u00e9servations se font par t\u00e9l\u00e9phone : <a href=\"tel:02 98 83 54 77\" target=\"_blank\" rel=\"noreferrer noopener\">02 98 83 54 77<\/a><\/strong><\/p>","protected":false},"excerpt":{"rendered":"<p>C\u2019est bient\u00f4t les&nbsp;vacances de F\u00e9vrier&nbsp;et si vous r\u00e9serviez une s\u00e9ance de char \u00e0 voile \u00e0&nbsp;Ploun\u00e9our-Brignogan-Plages&nbsp;&nbsp;? Horaires Rdv Sessions de Char \u00e0 Voile (1h)La location de char \u00e0 voile est disponible \u00e0 partir de 21\u20ac pour un char monoplace et 37\u20ac pour un char biplace. (Pr\u00e9voyez 2 heures sur place avec la pr\u00e9paration et mise \u00e0 [&hellip;]<\/p>\n","protected":false},"author":336,"featured_media":1282,"comment_status":"open","ping_status":"open","sticky":false,"template":"","format":"standard","meta":{"_acf_changed":false,"footnotes":""},"categories":[15],"tags":[],"class_list":["post-1310","post","type-post","status-publish","format-standard","has-post-thumbnail","hentry","category-actualites"],"acf":[],"yoast_head":"<!-- This site is optimized with the Yoast SEO plugin v23.8 - https:\/\/yoast.com\/wordpress\/plugins\/seo\/ -->\n<title>Vacances de F\u00e9vrier - Ploun\u00e9our-Brignogan-Plages - Glisse - R\u00eaves de mer<\/title>\n<meta name=\"description\" content=\"R\u00e9servez votre s\u00e9ance de char \u00e0 voile pour les vacances de la toussaint sur Ploun\u00e9our-Trez au centre Kermor B3 !\" \/>\n<meta name=\"robots\" content=\"index, follow, max-snippet:-1, max-image-preview:large, max-video-preview:-1\" \/>\n<link rel=\"canonical\" href=\"https:\/\/www.revesdemer.com\/glisse\/2021\/02\/19\/vacances-de-fevrier-plouneour-brignogan-plages\/\" \/>\n<meta property=\"og:locale\" content=\"fr_FR\" \/>\n<meta property=\"og:type\" content=\"article\" \/>\n<meta property=\"og:title\" content=\"Vacances de F\u00e9vrier - Ploun\u00e9our-Brignogan-Plages - Glisse - R\u00eaves de mer\" \/>\n<meta property=\"og:description\" content=\"R\u00e9servez votre s\u00e9ance de char \u00e0 voile pour les vacances de la toussaint sur Ploun\u00e9our-Trez au centre Kermor B3 !\" \/>\n<meta property=\"og:url\" content=\"https:\/\/www.revesdemer.com\/glisse\/2021\/02\/19\/vacances-de-fevrier-plouneour-brignogan-plages\/\" \/>\n<meta property=\"og:site_name\" content=\"Glisse - R\u00eaves de mer\" \/>\n<meta property=\"article:published_time\" content=\"2021-02-19T11:18:40+00:00\" \/>\n<meta property=\"article:modified_time\" content=\"2021-02-19T11:37:07+00:00\" \/>\n<meta property=\"og:image\" content=\"https:\/\/www.revesdemer.com\/glisse\/wp-content\/uploads\/sites\/5\/2021\/02\/Char-a-voile-Fevrier-2020-1.png\" \/>\n\t<meta property=\"og:image:width\" content=\"1200\" \/>\n\t<meta property=\"og:image:height\" content=\"628\" \/>\n\t<meta property=\"og:image:type\" content=\"image\/png\" \/>\n<meta name=\"author\" content=\"vanessakervella\" \/>\n<meta name=\"twitter:card\" content=\"summary_large_image\" \/>\n<meta name=\"twitter:label1\" content=\"\u00c9crit par\" \/>\n\t<meta name=\"twitter:data1\" content=\"vanessakervella\" \/>\n\t<meta name=\"twitter:label2\" content=\"Dur\u00e9e de lecture estim\u00e9e\" \/>\n\t<meta name=\"twitter:data2\" content=\"2 minutes\" \/>\n<script type=\"application\/ld+json\" class=\"yoast-schema-graph\">{\"@context\":\"https:\/\/schema.org\",\"@graph\":[{\"@type\":\"Article\",\"@id\":\"https:\/\/www.revesdemer.com\/glisse\/2021\/02\/19\/vacances-de-fevrier-plouneour-brignogan-plages\/#article\",\"isPartOf\":{\"@id\":\"https:\/\/www.revesdemer.com\/glisse\/2021\/02\/19\/vacances-de-fevrier-plouneour-brignogan-plages\/\"},\"author\":{\"name\":\"vanessakervella\",\"@id\":\"https:\/\/www.revesdemer.com\/glisse\/#\/schema\/person\/a8d3b523fc4ccf852fe5f1ede181d9aa\"},\"headline\":\"Vacances de F\u00e9vrier &#8211; Ploun\u00e9our-Brignogan-Plages\",\"datePublished\":\"2021-02-19T11:18:40+00:00\",\"dateModified\":\"2021-02-19T11:37:07+00:00\",\"mainEntityOfPage\":{\"@id\":\"https:\/\/www.revesdemer.com\/glisse\/2021\/02\/19\/vacances-de-fevrier-plouneour-brignogan-plages\/\"},\"wordCount\":193,\"commentCount\":0,\"publisher\":{\"@id\":\"https:\/\/www.revesdemer.com\/glisse\/#organization\"},\"image\":{\"@id\":\"https:\/\/www.revesdemer.com\/glisse\/2021\/02\/19\/vacances-de-fevrier-plouneour-brignogan-plages\/#primaryimage\"},\"thumbnailUrl\":\"https:\/\/www.revesdemer.com\/glisse\/wp-content\/uploads\/sites\/5\/2020\/10\/Char-a-Voile-Reves-de-Mer-15.jpg\",\"articleSection\":[\"Actualit\u00e9s\"],\"inLanguage\":\"fr-FR\",\"potentialAction\":[{\"@type\":\"CommentAction\",\"name\":\"Comment\",\"target\":[\"https:\/\/www.revesdemer.com\/glisse\/2021\/02\/19\/vacances-de-fevrier-plouneour-brignogan-plages\/#respond\"]}]},{\"@type\":\"WebPage\",\"@id\":\"https:\/\/www.revesdemer.com\/glisse\/2021\/02\/19\/vacances-de-fevrier-plouneour-brignogan-plages\/\",\"url\":\"https:\/\/www.revesdemer.com\/glisse\/2021\/02\/19\/vacances-de-fevrier-plouneour-brignogan-plages\/\",\"name\":\"Vacances de F\u00e9vrier - Ploun\u00e9our-Brignogan-Plages - Glisse - R\u00eaves de mer\",\"isPartOf\":{\"@id\":\"https:\/\/www.revesdemer.com\/glisse\/#website\"},\"primaryImageOfPage\":{\"@id\":\"https:\/\/www.revesdemer.com\/glisse\/2021\/02\/19\/vacances-de-fevrier-plouneour-brignogan-plages\/#primaryimage\"},\"image\":{\"@id\":\"https:\/\/www.revesdemer.com\/glisse\/2021\/02\/19\/vacances-de-fevrier-plouneour-brignogan-plages\/#primaryimage\"},\"thumbnailUrl\":\"https:\/\/www.revesdemer.com\/glisse\/wp-content\/uploads\/sites\/5\/2020\/10\/Char-a-Voile-Reves-de-Mer-15.jpg\",\"datePublished\":\"2021-02-19T11:18:40+00:00\",\"dateModified\":\"2021-02-19T11:37:07+00:00\",\"description\":\"R\u00e9servez votre s\u00e9ance de char \u00e0 voile pour les vacances de la toussaint sur Ploun\u00e9our-Trez au centre Kermor B3 !\",\"breadcrumb\":{\"@id\":\"https:\/\/www.revesdemer.com\/glisse\/2021\/02\/19\/vacances-de-fevrier-plouneour-brignogan-plages\/#breadcrumb\"},\"inLanguage\":\"fr-FR\",\"potentialAction\":[{\"@type\":\"ReadAction\",\"target\":[\"https:\/\/www.revesdemer.com\/glisse\/2021\/02\/19\/vacances-de-fevrier-plouneour-brignogan-plages\/\"]}]},{\"@type\":\"ImageObject\",\"inLanguage\":\"fr-FR\",\"@id\":\"https:\/\/www.revesdemer.com\/glisse\/2021\/02\/19\/vacances-de-fevrier-plouneour-brignogan-plages\/#primaryimage\",\"url\":\"https:\/\/www.revesdemer.com\/glisse\/wp-content\/uploads\/sites\/5\/2020\/10\/Char-a-Voile-Reves-de-Mer-15.jpg\",\"contentUrl\":\"https:\/\/www.revesdemer.com\/glisse\/wp-content\/uploads\/sites\/5\/2020\/10\/Char-a-Voile-Reves-de-Mer-15.jpg\",\"width\":1200,\"height\":801,\"caption\":\"Char \u00e0 Voile - R\u00eaves de Mer\"},{\"@type\":\"BreadcrumbList\",\"@id\":\"https:\/\/www.revesdemer.com\/glisse\/2021\/02\/19\/vacances-de-fevrier-plouneour-brignogan-plages\/#breadcrumb\",\"itemListElement\":[{\"@type\":\"ListItem\",\"position\":1,\"name\":\"Glisse\",\"item\":\"https:\/\/www.revesdemer.com\/glisse\/\"},{\"@type\":\"ListItem\",\"position\":2,\"name\":\"Actualit\u00e9s\",\"item\":\"https:\/\/www.revesdemer.com\/glisse\/category\/actualites\/\"},{\"@type\":\"ListItem\",\"position\":3,\"name\":\"Vacances de F\u00e9vrier &#8211; Ploun\u00e9our-Brignogan-Plages\"}]},{\"@type\":\"WebSite\",\"@id\":\"https:\/\/www.revesdemer.com\/glisse\/#website\",\"url\":\"https:\/\/www.revesdemer.com\/glisse\/\",\"name\":\"Glisse - R\u00eaves de mer\",\"description\":\"Un site utilisant Les marques de R\u00eaves de mer\",\"publisher\":{\"@id\":\"https:\/\/www.revesdemer.com\/glisse\/#organization\"},\"potentialAction\":[{\"@type\":\"SearchAction\",\"target\":{\"@type\":\"EntryPoint\",\"urlTemplate\":\"https:\/\/www.revesdemer.com\/glisse\/?s={search_term_string}\"},\"query-input\":{\"@type\":\"PropertyValueSpecification\",\"valueRequired\":true,\"valueName\":\"search_term_string\"}}],\"inLanguage\":\"fr-FR\"},{\"@type\":\"Organization\",\"@id\":\"https:\/\/www.revesdemer.com\/glisse\/#organization\",\"name\":\"Glisse - R\u00eaves de mer\",\"url\":\"https:\/\/www.revesdemer.com\/glisse\/\",\"logo\":{\"@type\":\"ImageObject\",\"inLanguage\":\"fr-FR\",\"@id\":\"https:\/\/www.revesdemer.com\/glisse\/#\/schema\/logo\/image\/\",\"url\":\"https:\/\/www.revesdemer.com\/glisse\/wp-content\/uploads\/sites\/5\/2019\/12\/Glisse-galet-byRDM-e1576589626283.png\",\"contentUrl\":\"https:\/\/www.revesdemer.com\/glisse\/wp-content\/uploads\/sites\/5\/2019\/12\/Glisse-galet-byRDM-e1576589626283.png\",\"width\":600,\"height\":474,\"caption\":\"Glisse - R\u00eaves de mer\"},\"image\":{\"@id\":\"https:\/\/www.revesdemer.com\/glisse\/#\/schema\/logo\/image\/\"}},{\"@type\":\"Person\",\"@id\":\"https:\/\/www.revesdemer.com\/glisse\/#\/schema\/person\/a8d3b523fc4ccf852fe5f1ede181d9aa\",\"name\":\"vanessakervella\",\"image\":{\"@type\":\"ImageObject\",\"inLanguage\":\"fr-FR\",\"@id\":\"https:\/\/www.revesdemer.com\/glisse\/#\/schema\/person\/image\/\",\"url\":\"https:\/\/secure.gravatar.com\/avatar\/15027b5285081c1e0bb94f5497ae8343?s=96&d=mm&r=g\",\"contentUrl\":\"https:\/\/secure.gravatar.com\/avatar\/15027b5285081c1e0bb94f5497ae8343?s=96&d=mm&r=g\",\"caption\":\"vanessakervella\"}}]}<\/script>\n<!-- \/ Yoast SEO plugin. -->","yoast_head_json":{"title":"Vacances de F\u00e9vrier - Ploun\u00e9our-Brignogan-Plages - Glisse - R\u00eaves de mer","description":"R\u00e9servez votre s\u00e9ance de char \u00e0 voile pour les vacances de la toussaint sur Ploun\u00e9our-Trez au centre Kermor B3 !","robots":{"index":"index","follow":"follow","max-snippet":"max-snippet:-1","max-image-preview":"max-image-preview:large","max-video-preview":"max-video-preview:-1"},"canonical":"https:\/\/www.revesdemer.com\/glisse\/2021\/02\/19\/vacances-de-fevrier-plouneour-brignogan-plages\/","og_locale":"fr_FR","og_type":"article","og_title":"Vacances de F\u00e9vrier - Ploun\u00e9our-Brignogan-Plages - Glisse - R\u00eaves de mer","og_description":"R\u00e9servez votre s\u00e9ance de char \u00e0 voile pour les vacances de la toussaint sur Ploun\u00e9our-Trez au centre Kermor B3 !","og_url":"https:\/\/www.revesdemer.com\/glisse\/2021\/02\/19\/vacances-de-fevrier-plouneour-brignogan-plages\/","og_site_name":"Glisse - R\u00eaves de mer","article_published_time":"2021-02-19T11:18:40+00:00","article_modified_time":"2021-02-19T11:37:07+00:00","og_image":[{"width":1200,"height":628,"url":"https:\/\/www.revesdemer.com\/glisse\/wp-content\/uploads\/sites\/5\/2021\/02\/Char-a-voile-Fevrier-2020-1.png","type":"image\/png"}],"author":"vanessakervella","twitter_card":"summary_large_image","twitter_misc":{"\u00c9crit par":"vanessakervella","Dur\u00e9e de lecture estim\u00e9e":"2 minutes"},"schema":{"@context":"https:\/\/schema.org","@graph":[{"@type":"Article","@id":"https:\/\/www.revesdemer.com\/glisse\/2021\/02\/19\/vacances-de-fevrier-plouneour-brignogan-plages\/#article","isPartOf":{"@id":"https:\/\/www.revesdemer.com\/glisse\/2021\/02\/19\/vacances-de-fevrier-plouneour-brignogan-plages\/"},"author":{"name":"vanessakervella","@id":"https:\/\/www.revesdemer.com\/glisse\/#\/schema\/person\/a8d3b523fc4ccf852fe5f1ede181d9aa"},"headline":"Vacances de F\u00e9vrier &#8211; Ploun\u00e9our-Brignogan-Plages","datePublished":"2021-02-19T11:18:40+00:00","dateModified":"2021-02-19T11:37:07+00:00","mainEntityOfPage":{"@id":"https:\/\/www.revesdemer.com\/glisse\/2021\/02\/19\/vacances-de-fevrier-plouneour-brignogan-plages\/"},"wordCount":193,"commentCount":0,"publisher":{"@id":"https:\/\/www.revesdemer.com\/glisse\/#organization"},"image":{"@id":"https:\/\/www.revesdemer.com\/glisse\/2021\/02\/19\/vacances-de-fevrier-plouneour-brignogan-plages\/#primaryimage"},"thumbnailUrl":"https:\/\/www.revesdemer.com\/glisse\/wp-content\/uploads\/sites\/5\/2020\/10\/Char-a-Voile-Reves-de-Mer-15.jpg","articleSection":["Actualit\u00e9s"],"inLanguage":"fr-FR","potentialAction":[{"@type":"CommentAction","name":"Comment","target":["https:\/\/www.revesdemer.com\/glisse\/2021\/02\/19\/vacances-de-fevrier-plouneour-brignogan-plages\/#respond"]}]},{"@type":"WebPage","@id":"https:\/\/www.revesdemer.com\/glisse\/2021\/02\/19\/vacances-de-fevrier-plouneour-brignogan-plages\/","url":"https:\/\/www.revesdemer.com\/glisse\/2021\/02\/19\/vacances-de-fevrier-plouneour-brignogan-plages\/","name":"Vacances de F\u00e9vrier - Ploun\u00e9our-Brignogan-Plages - Glisse - R\u00eaves de mer","isPartOf":{"@id":"https:\/\/www.revesdemer.com\/glisse\/#website"},"primaryImageOfPage":{"@id":"https:\/\/www.revesdemer.com\/glisse\/2021\/02\/19\/vacances-de-fevrier-plouneour-brignogan-plages\/#primaryimage"},"image":{"@id":"https:\/\/www.revesdemer.com\/glisse\/2021\/02\/19\/vacances-de-fevrier-plouneour-brignogan-plages\/#primaryimage"},"thumbnailUrl":"https:\/\/www.revesdemer.com\/glisse\/wp-content\/uploads\/sites\/5\/2020\/10\/Char-a-Voile-Reves-de-Mer-15.jpg","datePublished":"2021-02-19T11:18:40+00:00","dateModified":"2021-02-19T11:37:07+00:00","description":"R\u00e9servez votre s\u00e9ance de char \u00e0 voile pour les vacances de la toussaint sur Ploun\u00e9our-Trez au centre Kermor B3 !","breadcrumb":{"@id":"https:\/\/www.revesdemer.com\/glisse\/2021\/02\/19\/vacances-de-fevrier-plouneour-brignogan-plages\/#breadcrumb"},"inLanguage":"fr-FR","potentialAction":[{"@type":"ReadAction","target":["https:\/\/www.revesdemer.com\/glisse\/2021\/02\/19\/vacances-de-fevrier-plouneour-brignogan-plages\/"]}]},{"@type":"ImageObject","inLanguage":"fr-FR","@id":"https:\/\/www.revesdemer.com\/glisse\/2021\/02\/19\/vacances-de-fevrier-plouneour-brignogan-plages\/#primaryimage","url":"https:\/\/www.revesdemer.com\/glisse\/wp-content\/uploads\/sites\/5\/2020\/10\/Char-a-Voile-Reves-de-Mer-15.jpg","contentUrl":"https:\/\/www.revesdemer.com\/glisse\/wp-content\/uploads\/sites\/5\/2020\/10\/Char-a-Voile-Reves-de-Mer-15.jpg","width":1200,"height":801,"caption":"Char \u00e0 Voile - R\u00eaves de Mer"},{"@type":"BreadcrumbList","@id":"https:\/\/www.revesdemer.com\/glisse\/2021\/02\/19\/vacances-de-fevrier-plouneour-brignogan-plages\/#breadcrumb","itemListElement":[{"@type":"ListItem","position":1,"name":"Glisse","item":"https:\/\/www.revesdemer.com\/glisse\/"},{"@type":"ListItem","position":2,"name":"Actualit\u00e9s","item":"https:\/\/www.revesdemer.com\/glisse\/category\/actualites\/"},{"@type":"ListItem","position":3,"name":"Vacances de F\u00e9vrier &#8211; Ploun\u00e9our-Brignogan-Plages"}]},{"@type":"WebSite","@id":"https:\/\/www.revesdemer.com\/glisse\/#website","url":"https:\/\/www.revesdemer.com\/glisse\/","name":"Glisse - R\u00eaves de mer","description":"Un site utilisant Les marques de R\u00eaves de mer","publisher":{"@id":"https:\/\/www.revesdemer.com\/glisse\/#organization"},"potentialAction":[{"@type":"SearchAction","target":{"@type":"EntryPoint","urlTemplate":"https:\/\/www.revesdemer.com\/glisse\/?s={search_term_string}"},"query-input":{"@type":"PropertyValueSpecification","valueRequired":true,"valueName":"search_term_string"}}],"inLanguage":"fr-FR"},{"@type":"Organization","@id":"https:\/\/www.revesdemer.com\/glisse\/#organization","name":"Glisse - R\u00eaves de mer","url":"https:\/\/www.revesdemer.com\/glisse\/","logo":{"@type":"ImageObject","inLanguage":"fr-FR","@id":"https:\/\/www.revesdemer.com\/glisse\/#\/schema\/logo\/image\/","url":"https:\/\/www.revesdemer.com\/glisse\/wp-content\/uploads\/sites\/5\/2019\/12\/Glisse-galet-byRDM-e1576589626283.png","contentUrl":"https:\/\/www.revesdemer.com\/glisse\/wp-content\/uploads\/sites\/5\/2019\/12\/Glisse-galet-byRDM-e1576589626283.png","width":600,"height":474,"caption":"Glisse - R\u00eaves de mer"},"image":{"@id":"https:\/\/www.revesdemer.com\/glisse\/#\/schema\/logo\/image\/"}},{"@type":"Person","@id":"https:\/\/www.revesdemer.com\/glisse\/#\/schema\/person\/a8d3b523fc4ccf852fe5f1ede181d9aa","name":"vanessakervella","image":{"@type":"ImageObject","inLanguage":"fr-FR","@id":"https:\/\/www.revesdemer.com\/glisse\/#\/schema\/person\/image\/","url":"https:\/\/secure.gravatar.com\/avatar\/15027b5285081c1e0bb94f5497ae8343?s=96&d=mm&r=g","contentUrl":"https:\/\/secure.gravatar.com\/avatar\/15027b5285081c1e0bb94f5497ae8343?s=96&d=mm&r=g","caption":"vanessakervella"}}]}},"_links":{"self":[{"href":"https:\/\/www.revesdemer.com\/glisse\/wp-json\/wp\/v2\/posts\/1310"}],"collection":[{"href":"https:\/\/www.revesdemer.com\/glisse\/wp-json\/wp\/v2\/posts"}],"about":[{"href":"https:\/\/www.revesdemer.com\/glisse\/wp-json\/wp\/v2\/types\/post"}],"author":[{"embeddable":true,"href":"https:\/\/www.revesdemer.com\/glisse\/wp-json\/wp\/v2\/users\/336"}],"replies":[{"embeddable":true,"href":"https:\/\/www.revesdemer.com\/glisse\/wp-json\/wp\/v2\/comments?post=1310"}],"version-history":[{"count":2,"href":"https:\/\/www.revesdemer.com\/glisse\/wp-json\/wp\/v2\/posts\/1310\/revisions"}],"predecessor-version":[{"id":1314,"href":"https:\/\/www.revesdemer.com\/glisse\/wp-json\/wp\/v2\/posts\/1310\/revisions\/1314"}],"wp:featuredmedia":[{"embeddable":true,"href":"https:\/\/www.revesdemer.com\/glisse\/wp-json\/wp\/v2\/media\/1282"}],"wp:attachment":[{"href":"https:\/\/www.revesdemer.com\/glisse\/wp-json\/wp\/v2\/media?parent=1310"}],"wp:term":[{"taxonomy":"category","embeddable":true,"href":"https:\/\/www.revesdemer.com\/glisse\/wp-json\/wp\/v2\/categories?post=1310"},{"taxonomy":"post_tag","embeddable":true,"href":"https:\/\/www.revesdemer.com\/glisse\/wp-json\/wp\/v2\/tags?post=1310"}],"curies":[{"name":"wp","href":"https:\/\/api.w.org\/{rel}","templated":true}]}}